{"id":796,"date":"2019-01-14T12:24:31","date_gmt":"2019-01-14T12:24:31","guid":{"rendered":"http:\/\/blog.ilini.com\/?p=796"},"modified":"2021-03-08T11:43:59","modified_gmt":"2021-03-08T11:43:59","slug":"macrons-letter-to-the-french-side-by-side-original-and-translation","status":"publish","type":"post","link":"https:\/\/www.ilini.com\/blog\/learning-french\/macrons-letter-to-the-french-side-by-side-original-and-translation\/","title":{"rendered":"Macron&#8217;s &#8220;Letter to the French&#8221;: side-by-side original and translation"},"content":{"rendered":"\n<p>Following weeks of protests by the &#8216;Gilets Jaunes&#8217; movement, the French government has launched a &#8216;Great Debate&#8217; meant to deliver solutions to the country&#8217;s most pressing problems. To kick off the debate, President Emmanuel Macron wrote an open letter to the French today.<\/p>\n\n\n\n<p>This is an interesting text to study (irrespective of your political opinions on the matter), so we&#8217;ve put the original letter and its <a rel=\"noreferrer noopener\" aria-label=\" (opens in a new tab)\" href=\"https:\/\/www.euronews.com\/2019\/01\/14\/france-is-not-a-country-like-any-other-read-emmanuel-macron-s-letter-to-his-people\" target=\"_blank\">Euronews<\/a> translation side by side below, with a handy audio button. <\/p>\n\n\n\n<hr class=\"wp-block-separator\"\/>\n\n\n\n<p>\ud83d\udc49<strong> For more French resources, browse our <a href=\"https:\/\/www.ilini.com\">French\u00a0news, culture and entertainment videos for language learners<\/a>.<\/strong><\/p>\n\n\n\n<hr class=\"wp-block-separator\"\/>\n\n\n\n<p style=\"text-align:center\"><button id=\"bb1\" type=\"button\" value=\"Play\" class=\"responsivevoice-button\" title=\"ResponsiveVoice Tap to Start\/Stop Speech\"><span>&#128266; Listen to the letter in French<\/span><\/button>\n        <script>\n            bb1.onclick = function(){\n                if(responsiveVoice.isPlaying()){\n                    responsiveVoice.cancel();\n                }else{\n                    responsiveVoice.speak(\"Ch\u00e8res Fran\u00e7aises, chers Fran\u00e7ais, mes chers compatriotes,Dans une p\u00e9riode d\u2019interrogations et d\u2019incertitudes comme celle que nous traversons, nous devons nous rappeler qui nous sommes.La France n\u2019est pas un pays comme les autres.Le sens des injustices y est plus vif qu\u2019ailleurs. L\u2019exigence d\u2019entraide et de solidarit\u00e9 plus forte.Chez nous, ceux qui travaillent financent les pensions des retrait\u00e9s. Chez nous, un grand nombre de citoyens paie un imp\u00f4t sur le revenu, parfois lourd, qui r\u00e9duit les in\u00e9galit\u00e9s. Chez nous, l\u2019\u00e9ducation, la sant\u00e9, la s\u00e9curit\u00e9, la justice sont accessibles \u00e0 tous ind\u00e9pendamment de la situation et de la fortune. Les al\u00e9as de la vie, comme le ch\u00f4mage, peuvent \u00eatre surmont\u00e9s, gr\u00e2ce \u00e0 l\u2019effort partag\u00e9 par tous.C\u2019est pourquoi la France est, de toutes les nations, une des plus fraternelles et des plus \u00e9galitaires.C\u2019est aussi une des plus libres, puisque chacun est prot\u00e9g\u00e9 dans ses droits et dans sa libert\u00e9 d\u2019opinion, de conscience, de croyance ou de philosophie.Et chaque citoyen a le droit de choisir celles et ceux qui porteront sa voix dans la conduite du pays, dans la conception des lois, dans les grandes d\u00e9cisions \u00e0 prendre.Chacun partage le destin des autres et chacun est appel\u00e9 \u00e0 d\u00e9cider du destin de tous : c\u2019est tout cela, la nation fran\u00e7aise.Comment ne pas \u00e9prouver la fiert\u00e9 d\u2019\u00eatre Fran\u00e7ais ?Je sais, bien s\u00fbr, que certains d\u2019entre nous sont aujourd\u2019hui insatisfaits ou en col\u00e8re. Parce que les imp\u00f4ts sont pour eux trop \u00e9lev\u00e9s, les services publics trop \u00e9loign\u00e9s, parce que les salaires sont trop faibles pour que certains puissent vivre dignement du fruit de leur travail, parce que notre pays n\u2019offre pas les m\u00eames chances de r\u00e9ussir selon le lieu ou la famille d\u2019o\u00f9 l\u2019on vient. Tous voudraient un pays plus prosp\u00e8re et une soci\u00e9t\u00e9 plus juste.Cette impatience, je la partage. La soci\u00e9t\u00e9 que nous voulons est une soci\u00e9t\u00e9 dans laquelle pour r\u00e9ussir on ne devrait pas avoir besoin de relations ou de fortune, mais d\u2019effort et de travail.En France, mais aussi en Europe et dans le monde, non seulement une grande inqui\u00e9tude, mais aussi un grand trouble ont gagn\u00e9 les esprits. Il nous faut y r\u00e9pondre par des id\u00e9es claires.Mais il y a pour cela une condition : n\u2019accepter aucune forme de violence. Je n\u2019accepte pas, et n\u2019ai pas le droit d\u2019accepter la pression et l\u2019insulte, par exemple sur les \u00e9lus du peuple, je n\u2019accepte pas et n\u2019ai pas le droit d\u2019accepter la mise en accusation g\u00e9n\u00e9rale, par exemple des m\u00e9dias, des journalistes, des institutions et des fonctionnaires. Si tout le monde agresse tout le monde, la soci\u00e9t\u00e9 se d\u00e9fait !Afin que les esp\u00e9rances dominent les peurs, il est n\u00e9cessaire et l\u00e9gitime que nous nous reposions ensemble les grandes questions de notre avenir.C\u2019est pourquoi j\u2019ai propos\u00e9 et je lance aujourd\u2019hui un grand d\u00e9bat national qui se d\u00e9roulera jusqu\u2019au 15 mars prochain.Depuis quelques semaines, de nombreux maires ont ouvert leurs mairies pour que vous puissiez y exprimer vos attentes. J\u2019ai eu de nombreux retours que j\u2019ai pu prendre en compte. Nous allons d\u00e9sormais entrer dans une phase plus ample et vous pourrez participer \u00e0 des d\u00e9bats pr\u00e8s de chez vous ou vous exprimer sur internet pour faire valoir vos propositions et vos id\u00e9es. Dans l\u2019Hexagone, outre-mer et aupr\u00e8s des Fran\u00e7ais r\u00e9sidant \u00e0 l\u2019\u00e9tranger. Dans les villages, les bourgs, les quartiers, \u00e0 l\u2019initiative des maires, des \u00e9lus, des responsables associatifs, ou de simples citoyens\u2026 Dans les assembl\u00e9es parlementaires comme r\u00e9gionales ou d\u00e9partementales.Les maires auront un r\u00f4le essentiel car ils sont vos \u00e9lus et donc l\u2019interm\u00e9diaire l\u00e9gitime de l\u2019expression des citoyens.Pour moi, il n\u2019y a pas de questions interdites. Nous ne serons pas d\u2019accord sur tout, c\u2019est normal, c\u2019est la d\u00e9mocratie. Mais au moins montrerons-nous que nous sommes un peuple qui n\u2019a pas peur de parler, d\u2019\u00e9changer, de d\u00e9battre.Et peut-\u00eatre d\u00e9couvrirons-nous que nous pouvons tomber d\u2019accord, majoritairement, au-del\u00e0 de nos pr\u00e9f\u00e9rences, plus souvent qu\u2019on ne le croit.Je n\u2019ai pas oubli\u00e9 que j\u2019ai \u00e9t\u00e9 \u00e9lu sur un projet, sur de grandes orientations auxquelles je demeure fid\u00e8le. Je pense toujours qu\u2019il faut rendre \u00e0 la France sa prosp\u00e9rit\u00e9 pour qu\u2019elle puisse \u00eatre g\u00e9n\u00e9reuse, car l\u2019un va avec l\u2019autre. Je pense toujours que la lutte contre le ch\u00f4mage doit \u00eatre notre grande priorit\u00e9, et que l\u2019emploi se cr\u00e9e avant tout dans les entreprises, qu\u2019il faut donc leur donner les moyens de se d\u00e9velopper. Je pense toujours qu\u2019il faut reb\u00e2tir une \u00e9cole de la confiance, un syst\u00e8me social r\u00e9nov\u00e9 pour mieux prot\u00e9ger les Fran\u00e7ais et r\u00e9duire les in\u00e9galit\u00e9s \u00e0 la racine. Je pense toujours que l\u2019\u00e9puisement des ressources naturelles et le d\u00e9r\u00e8glement climatique nous obligent \u00e0 repenser notre mod\u00e8le de d\u00e9veloppement. Nous devons inventer un projet productif, social, \u00e9ducatif, environnemental et europ\u00e9en nouveau, plus juste et plus efficace. Sur ces grandes orientations, ma d\u00e9termination n\u2019a pas chang\u00e9.Mais je pense aussi que de ce d\u00e9bat peut sortir une clarification de notre projet national et europ\u00e9en, de nouvelles mani\u00e8res d\u2019envisager l\u2019avenir, de nouvelles id\u00e9es.\u00c0 ce d\u00e9bat, je souhaite que le plus grand nombre de Fran\u00e7ais, le plus grand nombre d\u2019entre nous, puisse participer.Ce d\u00e9bat devra r\u00e9pondre \u00e0 des questions essentielles qui ont \u00e9merg\u00e9 ces derni\u00e8res semaines. C\u2019est pourquoi, avec le Gouvernement, nous avons retenu quatre grands th\u00e8mes qui couvrent beaucoup des grands enjeux de la nation : la fiscalit\u00e9 et les d\u00e9penses publiques, l\u2019organisation de l\u2019Etat et des services publics, la transition \u00e9cologique, la d\u00e9mocratie et la citoyennet\u00e9. Sur chacun de ces th\u00e8mes, des propositions, des questions sont d\u2019ores et d\u00e9j\u00e0 exprim\u00e9es. Je souhaite en formuler quelques-unes qui n\u2019\u00e9puisent pas le d\u00e9bat mais me semblent au c\u0153ur de nos interrogations.Le premier sujet porte sur nos imp\u00f4ts, nos d\u00e9penses et l\u2019action publique. L\u2019imp\u00f4t est au c\u0153ur de notre solidarit\u00e9 nationale. C\u2019est lui qui finance nos services publics. Il vient r\u00e9mun\u00e9rer les professeurs, pompiers, policiers, militaires, magistrats, infirmi\u00e8res et tous les fonctionnaires qui \u0153uvrent \u00e0 votre service. Il permet de verser aux plus fragiles des prestations sociales mais aussi de financer certains grands projets d\u2019avenir, notre recherche, notre culture, ou d\u2019entretenir nos infrastructures.C\u2019est aussi l\u2019imp\u00f4t qui permet de r\u00e9gler les int\u00e9r\u00eats de la dette tr\u00e8s importante que notre pays a contract\u00e9e au fil du temps.Mais l\u2019imp\u00f4t, lorsqu\u2019il est trop \u00e9lev\u00e9, prive notre \u00e9conomie des ressources qui pourraient utilement s\u2019investir dans les entreprises, cr\u00e9ant ainsi de l\u2019emploi et de la croissance. Et il prive les travailleurs du fruit de leurs efforts. Nous ne reviendrons pas sur les mesures que nous avons prises pour corriger cela afin d\u2019encourager l\u2019investissement et faire que le travail paie davantage. Elles viennent d\u2019\u00eatre vot\u00e9es et commencent \u00e0 peine \u00e0 livrer leurs effets. Le Parlement les \u00e9valuera de mani\u00e8re transparente et avec le recul indispensable. Nous devons en revanche nous interroger pour aller plus loin.Comment pourrait-on rendre notre fiscalit\u00e9 plus juste et plus efficace ? Quels imp\u00f4ts faut-il \u00e0 vos yeux baisser en priorit\u00e9 ?Nous ne pouvons, quoi qu\u2019il en soit, poursuivre les baisses d\u2019imp\u00f4t sans baisser le niveau global de notre d\u00e9pense publique.Quelles sont les \u00e9conomies qui vous semblent prioritaires \u00e0 faire ?Faut-il supprimer certains services publics qui seraient d\u00e9pass\u00e9s ou trop chers par rapport \u00e0 leur utilit\u00e9 ? A l\u2019inverse, voyez-vous des besoins nouveaux de services publics et comment les financer ?Notre mod\u00e8le social est aussi mis en cause. Certains le jugent insuffisant, d\u2019autres trop cher en raison des cotisations qu\u2019ils paient. L\u2019efficacit\u00e9 de la formation comme des services de l\u2019emploi est souvent critiqu\u00e9e.Le gouvernement a commenc\u00e9 \u00e0 y r\u00e9pondre, apr\u00e8s de larges concertations, \u00e0 travers une strat\u00e9gie pour notre sant\u00e9, pour lutter contre la pauvret\u00e9, et pour lutter contre le ch\u00f4mage.Comment mieux organiser notre pacte social ? Quels objectifs d\u00e9finir en priorit\u00e9 ?Le deuxi\u00e8me sujet sur lequel nous devons prendre des d\u00e9cisions, c\u2019est l\u2019organisation de l\u2019Etat et des collectivit\u00e9s publiques. Les services publics ont un co\u00fbt, mais ils sont vitaux : \u00e9cole, police, arm\u00e9e, h\u00f4pitaux, tribunaux sont indispensables \u00e0 notre coh\u00e9sion sociale.Y a-t-il trop d\u2019\u00e9chelons administratifs ou de niveaux de collectivit\u00e9s locales ? Faut-il renforcer la d\u00e9centralisation et donner plus de pouvoir de d\u00e9cision et d\u2019action au plus pr\u00e8s des citoyens ? A quels niveaux et pour quels services ?Comment voudriez-vous que l\u2019Etat soit organis\u00e9 et comment peut-il am\u00e9liorer son action ? Faut-il revoir le fonctionnement de l\u2019administration et comment ?Comment l\u2019Etat et les collectivit\u00e9s locales peuvent-ils s\u2019am\u00e9liorer pour mieux r\u00e9pondre aux d\u00e9fis de nos territoires les plus en difficult\u00e9 et que proposez-vous ?La transition \u00e9cologique est le troisi\u00e8me th\u00e8me, essentiel \u00e0 notre avenir. Je me suis engag\u00e9 sur des objectifs de pr\u00e9servation de la biodiversit\u00e9 et de lutte contre le r\u00e9chauffement climatique et la pollution de l\u2019air. Aujourd\u2019hui personne ne conteste l\u2019imp\u00e9rieuse n\u00e9cessit\u00e9 d\u2019agir vite. Plus nous tardons \u00e0 nous remettre en cause, plus ces transformations seront douloureuses.Faire la transition \u00e9cologique permet de r\u00e9duire les d\u00e9penses contraintes des m\u00e9nages en carburant, en chauffage, en gestion des d\u00e9chets et en transports. Mais pour r\u00e9ussir cette transition, il faut investir massivement et accompagner nos concitoyens les plus modestes.Une solidarit\u00e9 nationale est n\u00e9cessaire pour que tous les Fran\u00e7ais puissent y parvenir.Comment finance-t-on la transition \u00e9cologique : par l\u2019imp\u00f4t, par les taxes et qui doit \u00eatre concern\u00e9 en priorit\u00e9 ?Comment rend-on les solutions concr\u00e8tes accessibles \u00e0 tous, par exemple pour remplacer sa vieille chaudi\u00e8re ou sa vieille voiture ? Quelles sont les solutions les plus simples et les plus supportables sur un plan financier ?Quelles sont les solutions pour se d\u00e9placer, se loger, se chauffer, se nourrir qui doivent \u00eatre con\u00e7ues plut\u00f4t au niveau local que national ? Quelles propositions concr\u00e8tes feriez-vous pour acc\u00e9l\u00e9rer notre transition environnementale ?La question de la biodiversit\u00e9 se pose aussi \u00e0 nous tous.Comment devons-nous garantir scientifiquement les choix que nous devons faire \u00e0 cet \u00e9gard ? Comment faire partager ces choix \u00e0 l\u2019\u00e9chelon europ\u00e9en et international pour que nos producteurs ne soient pas p\u00e9nalis\u00e9s par rapport \u00e0 leurs concurrents \u00e9trangers ?Enfin, il est \u00e9vident que la p\u00e9riode que notre pays traverse montre qu\u2019il nous faut redonner plus de force \u00e0 la d\u00e9mocratie et la citoyennet\u00e9. \u00catre citoyen, c\u2019est contribuer \u00e0 d\u00e9cider de l\u2019avenir du pays par l\u2019\u00e9lection de repr\u00e9sentants \u00e0 l\u2019\u00e9chelon local, national ou europ\u00e9en. Ce syst\u00e8me de repr\u00e9sentation est le socle de notre R\u00e9publique, mais il doit \u00eatre am\u00e9lior\u00e9 car beaucoup ne se sentent pas repr\u00e9sent\u00e9s \u00e0 l\u2019issue des \u00e9lections.Faut-il reconna\u00eetre le vote blanc ? Faut-il rendre le vote obligatoire ?Quelle est la bonne dose de proportionnelle aux \u00e9lections l\u00e9gislatives pour une repr\u00e9sentation plus juste de tous les projets politiques?Faut-il, et dans quelles proportions, limiter le nombre de parlementaires ou autres cat\u00e9gories d\u2019\u00e9lus ?Quel r\u00f4le nos assembl\u00e9es, dont le S\u00e9nat et le Conseil Economique, Social et Environnemental doivent-ils jouer pour repr\u00e9senter nos territoires et la soci\u00e9t\u00e9 civile ? Faut-il les transformer et comment ?En outre, une grande d\u00e9mocratie comme la France doit \u00eatre en mesure d\u2019\u00e9couter plus souvent la voix de ses citoyens.Quelles \u00e9volutions souhaitez-vous pour rendre la participation citoyenne plus active, la d\u00e9mocratie plus participative ?Faut-il associer davantage et directement des citoyens non \u00e9lus, par exemple tir\u00e9s au sort, \u00e0 la d\u00e9cision publique ?Faut-il accro\u00eetre le recours aux r\u00e9f\u00e9rendums et qui doit en avoir l\u2019initiative ?La citoyennet\u00e9, c\u2019est aussi le fait de vivre ensemble.Notre pays a toujours su accueillir ceux qui ont fui les guerres, les pers\u00e9cutions et ont cherch\u00e9 refuge sur notre sol : c\u2019est le devoir de l\u2019asile, qui ne saurait \u00eatre remis en cause. Notre communaut\u00e9 nationale s\u2019est aussi toujours ouverte \u00e0 ceux qui, n\u00e9s ailleurs, ont fait le choix de la France, \u00e0 la recherche d\u2019un avenir meilleur : c\u2019est comme cela qu\u2019elle s\u2019est aussi construite. Or, cette tradition est aujourd\u2019hui bouscul\u00e9e par des tensions et des doutes li\u00e9s \u00e0 l\u2019immigration et aux d\u00e9faillances de notre syst\u00e8me d\u2019int\u00e9gration.Que proposez-vous pour am\u00e9liorer l\u2019int\u00e9gration dans notre Nation ? En mati\u00e8re d\u2019immigration, une fois nos obligations d\u2019asile remplies, souhaitez-vous que nous puissions nous fixer des objectifs annuels d\u00e9finis par le Parlement ? Que proposez-vous afin de r\u00e9pondre \u00e0 ce d\u00e9fi qui va durer ?La question de la la\u00efcit\u00e9 est toujours en France sujet d\u2019importants d\u00e9bats. La la\u00efcit\u00e9 est la valeur primordiale pour que puissent vivre ensemble, en bonne intelligence et harmonie, des convictions diff\u00e9rentes, religieuses ou philosophiques. Elle est synonyme de libert\u00e9 parce qu\u2019elle permet \u00e0 chacun de vivre selon ses choix.Comment renforcer les principes de la la\u00efcit\u00e9 fran\u00e7aise, dans le rapport entre l\u2019Etat et les religions de notre pays ? Comment garantir le respect par tous de la compr\u00e9hension r\u00e9ciproque et des valeurs intangibles de la R\u00e9publique ?Dans les semaines qui viennent, je vous invite \u00e0 d\u00e9battre pour r\u00e9pondre \u00e0 ces questions d\u00e9terminantes pour l\u2019avenir de notre nation. Je souhaite aussi que vous puissiez, au-del\u00e0 de ces sujets que je vous propose, \u00e9voquer n\u2019importe quel sujet concret dont vous auriez l\u2019impression qu\u2019il pourrait am\u00e9liorer votre existence au quotidien.Ce d\u00e9bat est une initiative in\u00e9dite dont j\u2019ai la ferme volont\u00e9 de tirer toutes les conclusions. Ce n\u2019est ni une \u00e9lection, ni un r\u00e9f\u00e9rendum. C\u2019est votre expression personnelle, correspondant \u00e0 votre histoire, \u00e0 vos opinions, \u00e0 vos priorit\u00e9s, qui est ici requise, sans distinction d\u2019\u00e2ge ni de condition sociale. C\u2019est, je crois, un grand pas en avant pour notre R\u00e9publique que de consulter ainsi ses citoyens. Pour garantir votre libert\u00e9 de parole, je veux que cette consultation soit organis\u00e9e en toute ind\u00e9pendance, et soit encadr\u00e9e par toutes les garanties de loyaut\u00e9 et de transparence.C\u2019est ainsi que j\u2019entends transformer avec vous les col\u00e8res en solutions. Vos propositions permettront donc de b\u00e2tir un nouveau contrat pour la Nation, de structurer l\u2019action du Gouvernement et du Parlement, mais aussi les positions de la France au niveau europ\u00e9en et international. Je vous en rendrai compte directement dans le mois qui suivra la fin du d\u00e9bat.Fran\u00e7aises, Fran\u00e7ais, je souhaite que le plus grand nombre d\u2019entre vous puisse participer \u00e0 ce grand d\u00e9bat afin de faire \u0153uvre utile pour l\u2019avenir de notre pays.En confiance,Emmanuel MACRON\", \"French Female\", [\"responsivevoice_button\"]);\n                }\n            };\n        <\/script>\n    <\/p>\n\n\n\n<hr class=\"wp-block-separator\"\/>\n\n\n\n<table class=\"wp-block-table is-style-stripes\"><tbody><tr><td>Ch\u00e8res Fran\u00e7aises, chers Fran\u00e7ais, mes chers compatriotes,<br><br>Dans une p\u00e9riode d\u2019interrogations et d\u2019incertitudes comme celle que nous traversons, nous devons nous rappeler qui nous sommes.<br><br>La France n\u2019est pas un pays comme les autres.<br><br>Le sens des injustices y est plus vif qu\u2019ailleurs. L\u2019exigence d\u2019entraide et de solidarit\u00e9 plus forte.<br><br>Chez nous, ceux qui travaillent financent les pensions des retrait\u00e9s. Chez nous, un grand nombre de citoyens paie un imp\u00f4t sur le revenu, parfois lourd, qui r\u00e9duit les in\u00e9galit\u00e9s. Chez nous, l\u2019\u00e9ducation, la sant\u00e9, la s\u00e9curit\u00e9, la justice sont accessibles \u00e0 tous ind\u00e9pendamment de la situation et de la fortune. Les al\u00e9as de la vie, comme le ch\u00f4mage, peuvent \u00eatre surmont\u00e9s, gr\u00e2ce \u00e0 l\u2019effort partag\u00e9 par tous.<br><br>C\u2019est pourquoi la France est, de toutes les nations, une des plus fraternelles et des plus \u00e9galitaires.<br><br>C\u2019est aussi une des plus libres, puisque chacun est prot\u00e9g\u00e9 dans ses droits et dans sa libert\u00e9 d\u2019opinion, de conscience, de croyance ou de philosophie.<br><br>Et chaque citoyen a le droit de choisir celles et ceux qui porteront sa voix dans la conduite du pays, dans la conception des lois, dans les grandes d\u00e9cisions \u00e0 prendre.<br><br>Chacun partage le destin des autres et chacun est appel\u00e9 \u00e0 d\u00e9cider du destin de tous : c\u2019est tout cela, la nation fran\u00e7aise.<br><br>Comment ne pas \u00e9prouver la fiert\u00e9 d\u2019\u00eatre Fran\u00e7ais ?<br><br>Je sais, bien s\u00fbr, que certains d\u2019entre nous sont aujourd\u2019hui insatisfaits ou en col\u00e8re. Parce que les imp\u00f4ts sont pour eux trop \u00e9lev\u00e9s, les services publics trop \u00e9loign\u00e9s, parce que les salaires sont trop faibles pour que certains puissent vivre dignement du fruit de leur travail, parce que notre pays n\u2019offre pas les m\u00eames chances de r\u00e9ussir selon le lieu ou la famille d\u2019o\u00f9 l\u2019on vient. Tous voudraient un pays plus prosp\u00e8re et une soci\u00e9t\u00e9 plus juste.<br><br>Cette impatience, je la partage. La soci\u00e9t\u00e9 que nous voulons est une soci\u00e9t\u00e9 dans laquelle pour r\u00e9ussir on ne devrait pas avoir besoin de relations ou de fortune, mais d\u2019effort et de travail.<br><br>En France, mais aussi en Europe et dans le monde, non seulement une grande inqui\u00e9tude, mais aussi un grand trouble ont gagn\u00e9 les esprits. Il nous faut y r\u00e9pondre par des id\u00e9es claires.<br><br>Mais il y a pour cela une condition : n\u2019accepter aucune forme de violence. Je n\u2019accepte pas, et n\u2019ai pas le droit d\u2019accepter la pression et l\u2019insulte, par exemple sur les \u00e9lus du peuple, je n\u2019accepte pas et n\u2019ai pas le droit d\u2019accepter la mise en accusation g\u00e9n\u00e9rale, par exemple des m\u00e9dias, des journalistes, des institutions et des fonctionnaires. Si tout le monde agresse tout le monde, la soci\u00e9t\u00e9 se d\u00e9fait !<br>Afin que les esp\u00e9rances dominent les peurs, il est n\u00e9cessaire et l\u00e9gitime que nous nous reposions ensemble les grandes questions de notre avenir.<br><br>C\u2019est pourquoi j\u2019ai propos\u00e9 et je lance aujourd\u2019hui un grand d\u00e9bat national qui se d\u00e9roulera jusqu\u2019au 15 mars prochain.<br><br>Depuis quelques semaines, de nombreux maires ont ouvert leurs mairies pour que vous puissiez y exprimer vos attentes. J\u2019ai eu de nombreux retours que j\u2019ai pu prendre en compte. Nous allons d\u00e9sormais entrer dans une phase plus ample et vous pourrez participer \u00e0 des d\u00e9bats pr\u00e8s de chez vous ou vous exprimer sur internet pour faire valoir vos propositions et vos id\u00e9es. Dans l\u2019Hexagone, outre-mer et aupr\u00e8s des Fran\u00e7ais r\u00e9sidant \u00e0 l\u2019\u00e9tranger. Dans les villages, les bourgs, les quartiers, \u00e0 l\u2019initiative des maires, des \u00e9lus, des responsables associatifs, ou de simples citoyens\u2026 Dans les assembl\u00e9es parlementaires comme r\u00e9gionales ou d\u00e9partementales.<br><br>Les maires auront un r\u00f4le essentiel car ils sont vos \u00e9lus et donc l\u2019interm\u00e9diaire l\u00e9gitime de l\u2019expression des citoyens.<br><br>Pour moi, il n\u2019y a pas de questions interdites. Nous ne serons pas d\u2019accord sur tout, c\u2019est normal, c\u2019est la d\u00e9mocratie. Mais au moins montrerons-nous que nous sommes un peuple qui n\u2019a pas peur de parler, d\u2019\u00e9changer, de d\u00e9battre.<br><br>Et peut-\u00eatre d\u00e9couvrirons-nous que nous pouvons tomber d\u2019accord, majoritairement, au-del\u00e0 de nos pr\u00e9f\u00e9rences, plus souvent qu\u2019on ne le croit.<br><br>Je n\u2019ai pas oubli\u00e9 que j\u2019ai \u00e9t\u00e9 \u00e9lu sur un projet, sur de grandes orientations auxquelles je demeure fid\u00e8le. Je pense toujours qu\u2019il faut rendre \u00e0 la France sa prosp\u00e9rit\u00e9 pour qu\u2019elle puisse \u00eatre g\u00e9n\u00e9reuse, car l\u2019un va avec l\u2019autre. Je pense toujours que la lutte contre le ch\u00f4mage doit \u00eatre notre grande priorit\u00e9, et que l\u2019emploi se cr\u00e9e avant tout dans les entreprises, qu\u2019il faut donc leur donner les moyens de se d\u00e9velopper. Je pense toujours qu\u2019il faut reb\u00e2tir une \u00e9cole de la confiance, un syst\u00e8me social r\u00e9nov\u00e9 pour mieux prot\u00e9ger les Fran\u00e7ais et r\u00e9duire les in\u00e9galit\u00e9s \u00e0 la racine. Je pense toujours que l\u2019\u00e9puisement des ressources naturelles et le d\u00e9r\u00e8glement climatique nous obligent \u00e0 repenser notre mod\u00e8le de d\u00e9veloppement. Nous devons inventer un projet productif, social, \u00e9ducatif, environnemental et europ\u00e9en nouveau, plus juste et plus efficace. Sur ces grandes orientations, ma d\u00e9termination n\u2019a pas chang\u00e9.<br><br>Mais je pense aussi que de ce d\u00e9bat peut sortir une clarification de notre projet national et europ\u00e9en, de nouvelles mani\u00e8res d\u2019envisager l\u2019avenir, de nouvelles id\u00e9es.<br><br>\u00c0 ce d\u00e9bat, je souhaite que le plus grand nombre de Fran\u00e7ais, le plus grand nombre d\u2019entre nous, puisse participer.<br>Ce d\u00e9bat devra r\u00e9pondre \u00e0 des questions essentielles qui ont \u00e9merg\u00e9 ces derni\u00e8res semaines. C\u2019est pourquoi, avec le Gouvernement, nous avons retenu quatre grands th\u00e8mes qui couvrent beaucoup des grands enjeux de la nation : la fiscalit\u00e9 et les d\u00e9penses publiques, l\u2019organisation de l\u2019Etat et des services publics, la transition \u00e9cologique, la d\u00e9mocratie et la citoyennet\u00e9. Sur chacun de ces th\u00e8mes, des propositions, des questions sont d\u2019ores et d\u00e9j\u00e0 exprim\u00e9es. Je souhaite en formuler quelques-unes qui n\u2019\u00e9puisent pas le d\u00e9bat mais me semblent au c\u0153ur de nos interrogations.<br><br>Le premier sujet porte sur nos imp\u00f4ts, nos d\u00e9penses et l\u2019action publique. L\u2019imp\u00f4t est au c\u0153ur de notre solidarit\u00e9 nationale. C\u2019est lui qui finance nos services publics. Il vient r\u00e9mun\u00e9rer les professeurs, pompiers, policiers, militaires, magistrats, infirmi\u00e8res et tous les fonctionnaires qui \u0153uvrent \u00e0 votre service. Il permet de verser aux plus fragiles des prestations sociales mais aussi de financer certains grands projets d\u2019avenir, notre recherche, notre culture, ou d\u2019entretenir nos infrastructures.<br><br>C\u2019est aussi l\u2019imp\u00f4t qui permet de r\u00e9gler les int\u00e9r\u00eats de la dette tr\u00e8s importante que notre pays a contract\u00e9e au fil du temps.<br><br>Mais l\u2019imp\u00f4t, lorsqu\u2019il est trop \u00e9lev\u00e9, prive notre \u00e9conomie des ressources qui pourraient utilement s\u2019investir dans les entreprises, cr\u00e9ant ainsi de l\u2019emploi et de la croissance. Et il prive les travailleurs du fruit de leurs efforts. Nous ne reviendrons pas sur les mesures que nous avons prises pour corriger cela afin d\u2019encourager l\u2019investissement et faire que le travail paie davantage. Elles viennent d\u2019\u00eatre vot\u00e9es et commencent \u00e0 peine \u00e0 livrer leurs effets. Le Parlement les \u00e9valuera de mani\u00e8re transparente et avec le recul indispensable. Nous devons en revanche nous interroger pour aller plus loin.<br><br>Comment pourrait-on rendre notre fiscalit\u00e9 plus juste et plus efficace ? Quels imp\u00f4ts faut-il \u00e0 vos yeux baisser en priorit\u00e9 ?<br><br>Nous ne pouvons, quoi qu\u2019il en soit, poursuivre les baisses d\u2019imp\u00f4t sans baisser le niveau global de notre d\u00e9pense publique.<br><br>Quelles sont les \u00e9conomies qui vous semblent prioritaires \u00e0 faire ?<br><br>Faut-il supprimer certains services publics qui seraient d\u00e9pass\u00e9s ou trop chers par rapport \u00e0 leur utilit\u00e9 ? A l\u2019inverse, voyez-vous des besoins nouveaux de services publics et comment les financer ?<br><br>Notre mod\u00e8le social est aussi mis en cause. Certains le jugent insuffisant, d\u2019autres trop cher en raison des cotisations qu\u2019ils paient. L\u2019efficacit\u00e9 de la formation comme des services de l\u2019emploi est souvent critiqu\u00e9e.<br><br>Le gouvernement a commenc\u00e9 \u00e0 y r\u00e9pondre, apr\u00e8s de larges concertations, \u00e0 travers une strat\u00e9gie pour notre sant\u00e9, pour lutter contre la pauvret\u00e9, et pour lutter contre le ch\u00f4mage.<br><br>Comment mieux organiser notre pacte social ? Quels objectifs d\u00e9finir en priorit\u00e9 ?<br><br>Le deuxi\u00e8me sujet sur lequel nous devons prendre des d\u00e9cisions, c\u2019est l\u2019organisation de l\u2019Etat et des collectivit\u00e9s publiques. Les services publics ont un co\u00fbt, mais ils sont vitaux : \u00e9cole, police, arm\u00e9e, h\u00f4pitaux, tribunaux sont indispensables \u00e0 notre coh\u00e9sion sociale.<br><br>Y a-t-il trop d\u2019\u00e9chelons administratifs ou de niveaux de collectivit\u00e9s locales ? Faut-il renforcer la d\u00e9centralisation et donner plus de pouvoir de d\u00e9cision et d\u2019action au plus pr\u00e8s des citoyens ? A quels niveaux et pour quels services ?<br><br>Comment voudriez-vous que l\u2019Etat soit organis\u00e9 et comment peut-il am\u00e9liorer son action ? Faut-il revoir le fonctionnement de l\u2019administration et comment ?<br><br>Comment l\u2019Etat et les collectivit\u00e9s locales peuvent-ils s\u2019am\u00e9liorer pour mieux r\u00e9pondre aux d\u00e9fis de nos territoires les plus en difficult\u00e9 et que proposez-vous ?<br><br>La transition \u00e9cologique est le troisi\u00e8me th\u00e8me, essentiel \u00e0 notre avenir. Je me suis engag\u00e9 sur des objectifs de pr\u00e9servation de la biodiversit\u00e9 et de lutte contre le r\u00e9chauffement climatique et la pollution de l\u2019air. Aujourd\u2019hui personne ne conteste l\u2019imp\u00e9rieuse n\u00e9cessit\u00e9 d\u2019agir vite. Plus nous tardons \u00e0 nous remettre en cause, plus ces transformations seront douloureuses.<br><br>Faire la transition \u00e9cologique permet de r\u00e9duire les d\u00e9penses contraintes des m\u00e9nages en carburant, en chauffage, en gestion des d\u00e9chets et en transports. Mais pour r\u00e9ussir cette transition, il faut investir massivement et accompagner nos concitoyens les plus modestes.<br><br>Une solidarit\u00e9 nationale est n\u00e9cessaire pour que tous les Fran\u00e7ais puissent y parvenir.<br><br>Comment finance-t-on la transition \u00e9cologique : par l\u2019imp\u00f4t, par les taxes et qui doit \u00eatre concern\u00e9 en priorit\u00e9 ?<br><br>Comment rend-on les solutions concr\u00e8tes accessibles \u00e0 tous, par exemple pour remplacer sa vieille chaudi\u00e8re ou sa vieille voiture ? Quelles sont les solutions les plus simples et les plus supportables sur un plan financier ?<br><br>Quelles sont les solutions pour se d\u00e9placer, se loger, se chauffer, se nourrir qui doivent \u00eatre con\u00e7ues plut\u00f4t au niveau local que national ? Quelles propositions concr\u00e8tes feriez-vous pour acc\u00e9l\u00e9rer notre transition environnementale ?<br><br>La question de la biodiversit\u00e9 se pose aussi \u00e0 nous tous.<br><br>Comment devons-nous garantir scientifiquement les choix que nous devons faire \u00e0 cet \u00e9gard ? Comment faire partager ces choix \u00e0 l\u2019\u00e9chelon europ\u00e9en et international pour que nos producteurs ne soient pas p\u00e9nalis\u00e9s par rapport \u00e0 leurs concurrents \u00e9trangers ?<br><br>Enfin, il est \u00e9vident que la p\u00e9riode que notre pays traverse montre qu\u2019il nous faut redonner plus de force \u00e0 la d\u00e9mocratie et la citoyennet\u00e9. \u00catre citoyen, c\u2019est contribuer \u00e0 d\u00e9cider de l\u2019avenir du pays par l\u2019\u00e9lection de repr\u00e9sentants \u00e0 l\u2019\u00e9chelon local, national ou europ\u00e9en. Ce syst\u00e8me de repr\u00e9sentation est le socle de notre R\u00e9publique, mais il doit \u00eatre am\u00e9lior\u00e9 car beaucoup ne se sentent pas repr\u00e9sent\u00e9s \u00e0 l\u2019issue des \u00e9lections.<br><br>Faut-il reconna\u00eetre le vote blanc ? Faut-il rendre le vote obligatoire ?<br><br>Quelle est la bonne dose de proportionnelle aux \u00e9lections l\u00e9gislatives pour une repr\u00e9sentation plus juste de tous les projets politiques?<br><br>Faut-il, et dans quelles proportions, limiter le nombre de parlementaires ou autres cat\u00e9gories d\u2019\u00e9lus ?<br><br>Quel r\u00f4le nos assembl\u00e9es, dont le S\u00e9nat et le Conseil Economique, Social et Environnemental doivent-ils jouer pour repr\u00e9senter nos territoires et la soci\u00e9t\u00e9 civile ? Faut-il les transformer et comment ?<br><br>En outre, une grande d\u00e9mocratie comme la France doit \u00eatre en mesure d\u2019\u00e9couter plus souvent la voix de ses citoyens.<br><br>Quelles \u00e9volutions souhaitez-vous pour rendre la participation citoyenne plus active, la d\u00e9mocratie plus participative ?<br><br>Faut-il associer davantage et directement des citoyens non \u00e9lus, par exemple tir\u00e9s au sort, \u00e0 la d\u00e9cision publique ?<br><br>Faut-il accro\u00eetre le recours aux r\u00e9f\u00e9rendums et qui doit en avoir l\u2019initiative ?<br><br>La citoyennet\u00e9, c\u2019est aussi le fait de vivre ensemble.<br><br>Notre pays a toujours su accueillir ceux qui ont fui les guerres, les pers\u00e9cutions et ont cherch\u00e9 refuge sur notre sol : c\u2019est le devoir de l\u2019asile, qui ne saurait \u00eatre remis en cause. Notre communaut\u00e9 nationale s\u2019est aussi toujours ouverte \u00e0 ceux qui, n\u00e9s ailleurs, ont fait le choix de la France, \u00e0 la recherche d\u2019un avenir meilleur : c\u2019est comme cela qu\u2019elle s\u2019est aussi construite. Or, cette tradition est aujourd\u2019hui bouscul\u00e9e par des tensions et des doutes li\u00e9s \u00e0 l\u2019immigration et aux d\u00e9faillances de notre syst\u00e8me d\u2019int\u00e9gration.<br><br>Que proposez-vous pour am\u00e9liorer l\u2019int\u00e9gration dans notre Nation ? En mati\u00e8re d\u2019immigration, une fois nos obligations d\u2019asile remplies, souhaitez-vous que nous puissions nous fixer des objectifs annuels d\u00e9finis par le Parlement ? Que proposez-vous afin de r\u00e9pondre \u00e0 ce d\u00e9fi qui va durer ?<br><br>La question de la la\u00efcit\u00e9 est toujours en France sujet d\u2019importants d\u00e9bats. La la\u00efcit\u00e9 est la valeur primordiale pour que puissent vivre ensemble, en bonne intelligence et harmonie, des convictions diff\u00e9rentes, religieuses ou philosophiques. Elle est synonyme de libert\u00e9 parce qu\u2019elle permet \u00e0 chacun de vivre selon ses choix.<br><br>Comment renforcer les principes de la la\u00efcit\u00e9 fran\u00e7aise, dans le rapport entre l\u2019Etat et les religions de notre pays ? Comment garantir le respect par tous de la compr\u00e9hension r\u00e9ciproque et des valeurs intangibles de la R\u00e9publique ?<br><br>Dans les semaines qui viennent, je vous invite \u00e0 d\u00e9battre pour r\u00e9pondre \u00e0 ces questions d\u00e9terminantes pour l\u2019avenir de notre nation. Je souhaite aussi que vous puissiez, au-del\u00e0 de ces sujets que je vous propose, \u00e9voquer n\u2019importe quel sujet concret dont vous auriez l\u2019impression qu\u2019il pourrait am\u00e9liorer votre existence au quotidien.<br><br>Ce d\u00e9bat est une initiative in\u00e9dite dont j\u2019ai la ferme volont\u00e9 de tirer toutes les conclusions. Ce n\u2019est ni une \u00e9lection, ni un r\u00e9f\u00e9rendum. C\u2019est votre expression personnelle, correspondant \u00e0 votre histoire, \u00e0 vos opinions, \u00e0 vos priorit\u00e9s, qui est ici requise, sans distinction d\u2019\u00e2ge ni de condition sociale. C\u2019est, je crois, un grand pas en avant pour notre R\u00e9publique que de consulter ainsi ses citoyens. Pour garantir votre libert\u00e9 de parole, je veux que cette consultation soit organis\u00e9e en toute ind\u00e9pendance, et soit encadr\u00e9e par toutes les garanties de loyaut\u00e9 et de transparence.<br><br>C\u2019est ainsi que j\u2019entends transformer avec vous les col\u00e8res en solutions. <br>Vos propositions permettront donc de b\u00e2tir un nouveau contrat pour la Nation, de structurer l\u2019action du Gouvernement et du Parlement, mais aussi les positions de la France au niveau europ\u00e9en et international. Je vous en rendrai compte directement dans le mois qui suivra la fin du d\u00e9bat.<br><br>Fran\u00e7aises, Fran\u00e7ais, je souhaite que le plus grand nombre d\u2019entre vous puisse participer \u00e0 ce grand d\u00e9bat afin de faire \u0153uvre utile pour l\u2019avenir de notre pays.<br><br>En confiance,<br><br>Emmanuel MACRON<br><br><\/td><td>Dear Frenchmen, Frenchwomen and compatriots,<br><br>In a period of doubt and reflection like the one we are witnessing today, we must remember who we are.<br><br>France is a country unlike any other.<br><br>The feeling of injustice is more alive than elsewhere. The demand for help and solidarity stronger.<br><br>In our country, those who work pay for retirees&#8217; pensions. In our country, a large number of citizens pay an income tax, sometimes burdensome, which reduces inequalities. In our country, education, health, security, justice are accessible to all regardless of their circumstances or wealth. The hazards of life, such as unemployment, can be overcome, thanks to this effort shared by all.<br><br>That is why France is, of all nations, one of the most fraternal and the most egalitarian.<br><br>It is also one of the freest, since everyone is protected in his rights and in his freedom of opinion, conscience, belief or philosophy.<br><br>And every citizen has the right to choose those who will represent him in the running of the country, in the design of laws, in taking major decisions.<br><br>Everyone shares the fortunes of others and everyone is called to decide the common destiny: the French nation is all that.<br><br>How can anyone not feel proud to be French?<br><br>I know, of course, that some of us today are dissatisfied or angry. Because taxes are too high for them, public services too distant; because wages are too low for some to be able to enjoy with dignity the wages of their work; because of the fact that our country does not offer equal chances of success to families from all backgrounds and areas. Everyone would like a more prosperous country and a fairer society.<br><br>I share this impatience. The society we want is a society in which to succeed one doesn&#8217;t need relationships or fortune, but effort and work.<br>In France, but also in Europe and in the world, not only a great sense of unease, but also a great concern have taken over people&#8217;s hearts. We must respond with clear ideas.<br><br>But there is one condition: to accept no form of violence. I do not accept, and do not have the right to accept pressure and insults, for example against the elected representatives of the people, I do not accept and do not have the right to accept attacks on the media, journalists, institutions and officials. If everyone attacks everyone, society unravels.<br><br>In order for hope to overcome fear, it is necessary and legitimate for us to explore together the great questions concerning our future.<br><br>That is why I proposed and I am launching today a great national debate that will run until March 15.<br>In recent weeks, many mayors have opened their town halls so that you can express your wills. I have had much feedback to consider. We are now entering a larger phase and you will be able to participate in debates near your home or express yourself on the internet to put forward your proposals and your ideas &#8211; in France, overseas territories and among French residents abroad. In villages, towns, neighbourhoods, on the initiative of mayors, elected officials, community leaders, or ordinary citizens \u2026 in parliamentary assemblies both regional and departmental.<br><br>Mayors will have an essential role because they are your elected representatives and therefore the legitimate intermediaries to give voice to the people.<br><br>For me, there are no questions off limits. We will not agree on everything, that&#8217;s to be expected, it&#8217;s democracy. But at least we will show that we are a people who are not afraid to speak, to exchange viewpoints, to debate.<br><br>And perhaps we will discover that we can agree, at least a majority of us, notwithstanding our political positions, more often than we think.<br><br>I have not forgotten that I was elected with a project, of which I remain faithful to its foundations. I am resolute in thinking that we must restore France&#8217;s prosperity so that it can afford to be generous because one goes with the other. I am resolute in thinking that the fight against unemployment must be our top priority and that employment is created first and foremost in companies, so we must give them the means to prosper. I am resolute in thinking that we need to rebuild a school of trust, a renewed social system to better protect the French and reduce the inequalities at their causes. I am resolute in thinking that the depletion of natural resources and climate change force us to rethink our development model. We must invent a new productive, social, educational, environmental and European project that is fairer and more effective. On these major axes, my determination is unchanged.<br><br>But I also think that out of this debate can come a clarification of our national and European project, new ways of looking at the future, new ideas.<br><br>I hope that the largest possible number of French people, the largest possible number of us, can participate in this debate.<br><br>This debate will have to answer key questions that have emerged in recent weeks. That is why, with the Government, we have chosen four major themes that cover many of the major issues of the nation: taxation and public spending; the organization of the state and public services; the ecological transformation; democracy and citizenship. On each of these themes, proposals, questions have already been expressed. I wish to frame some that do not close down the debate but seem to me at the heart of our questions.<br><br>The first topic deals with our taxes, our expenses and public action. Tax is at the heart of our national solidarity. It is what finances our public services. It pays teachers, firefighters, police, military, magistrates, nurses and all the public servants who work for you. It makes it possible to pay social benefits to the most vulnerable in society but also to finance major projects for the future, in our science, in our culture, or to maintain our infrastructure. It is also the tax that pays the interest on the very significant debt that our country has incurred over time.<br><br>But taxes, when they are too high, deprive our economy of resources that could be used constructively to invest in businesses, thereby creating jobs and growth. And it deprives workers of the wages of their work. We will not go back on the steps we have already taken to correct this to encourage investment and make work pay. They have recently been approved and are just beginning to deliver results. Parliament will evaluate them in a transparent way and with the necessary analysis. On the other hand, we must question whether we need to go further.<br><br>How can we make our tax system fairer and more efficient? Which taxes do you think should be lowered first?<br><br>We can not, in any case, pursue tax cuts without lowering the overall level of our public spending.<br>What are the savings that you think are priorities?<br><br>Should we remove some public services that are outdated or too expensive compared to what they deliver? Conversely, do you see new needs for public services and how could they be financed?<br><br>Our social model also needs to be questioned. Some consider it insufficient, others too expensive because of the contributions they are obliged to make. The effectiveness of training within employment services faces much criticism. The government has started to respond, after wide consultations, through a strategy for healthcare, to fight poverty, and to combat unemployment.<br><br>How can we better organize our social pact? Which objectives should be prioritized?<br><br>The second subject on which we must make decisions is the organisation of the State and public authorities. Public services have a cost, but they are vital: schools, the police, the army, hospitals and courts are essential to our social cohesion.<br><br>Are there too many administrative levels or levels of local government? Should we reinforce decentralisation and move power over decisions and actions closer to the citizens? At what levels and for which services?<br><br>How would you like the state to be organised and how can it improve its operation? Should we review the functioning of the administration and how?<br><br>How can the state and local authorities improve to better respond to the challenges of our most troubled territories and what do you propose?<br><br>The ecological transformation is the third theme, essential to our future. I am committed to the objectives of preserving biodiversity and combating global warming and air pollution. Today no one disputes the urgent need to act quickly. The longer we delay posing these questions, the more painful the changes will be.<br><br>Making the ecological transformation can reduce households&#8217; spending on fuel, heating, waste management and transportation. But to succeed in this transformation, we must invest heavily and support our less well-off citizens.<br><br>National solidarity is essential so that all French citizens can achieve this.<br><br>How do we finance the ecological transformation: by income tax, by other taxes and who should be in the front line?<br><br>How do we make concrete solutions accessible to all, for example, to replace old heating systems or cars? What are the simplest and most financially sustainable solutions?<br><br>What are the solutions for moving, housing, heating, feeding that should be designed at the local rather than the national level? What concrete proposals would you make to accelerate our environmental transformation?<br><br>The issue of biodiversity is also an issue for us all.<br><br>How do we guarantee scientifically the choices we have to make in this regard? How can we share these decisions at the European and international level so that our national producers are not penalised in relation to foreign competitors?<br><br>Finally, it is clear that the period that our country is going through shows that we need to give empower democracy and citizenship. Being a citizen means helping to decide the future of the country by electing representatives at the local, national or European level. This system of representation is the bedrock of our Republic, but it must be improved because many do not feel represented after the votes.<br><br>Should absentions be recognised? Should we make voting compulsory?<br><br>What is the right level of proportional representation in parliamentary elections for a fairer say to be given to all political perspectives?<br><br>Should we, and how, limit the number of parliamentarians or other elected officials?<br><br>What role should our assemblies, including the Senate and the Economic, Social and Environmental Councils, play in representing our territories and civil society? Should we transform them and how?<br><br>In addition, a great democracy like France must be able to listen more often to the voice of its citizens.<br><br>What changes do you want to make citizen participation more active, democracy more participative?<br><br>Should unelected citizens, chosen at random, have greater and more direct involvement in public decision making?<br><br>Should we increase the use of referendums and who should decide on how and when?<br><br>Citizenship is also about living together.<br><br>Our country has always known how to welcome those who have fled wars, persecution and sought refuge on our soil: it is the duty of asylum, which can not be called into question. Our national community has also always been open to those who, born elsewhere, chose France in search of a better future: this is how it was built. However, this tradition is today shaken by tensions and doubts related to immigration and the failures of our integration system.<br><br>What do you propose to improve integration in our Nation? When it comes to immigration, once our asylum obligations are fulfilled, do you want us to be able to set annual targets set by Parliament? What do you propose to answer this challenge that will last?<br><br>The question of secularism is still subject to significant scrutiny in France. Secularism is the primary value that allows different beliefs, religious or philosophical, to live together in harmony and mutual understanding. It is synonymous with freedom because it allows everyone to live according to their choices.<br>How can we strengthen the principles of French secularism, in the relationship between the state and the religions of our country? How can we ensure everyone&#8217;s respect for the mutual understanding and intangible values of the Republic?<br><br>In the coming weeks, I invite you to debate to answer these questions which are crucial for the future of our nation. I also hope that you can, beyond these topics that I propose to you, bring up any concrete subject which you feel could improve your daily life.<br><br>This debate is an unprecedented initiative which I am determined to make count. This is neither an election nor a referendum. It is your personal expression, corresponding to your personal stories, your opinions, your priorities, which we need to hear, disregarding age or social status. It is, I believe, a great step forward for our Republic to consult its citizens in this way. To guarantee your freedom of speech, I want this consultation to be organized in complete independence, and be framed by all the guarantees of trust and transparency.<br><br>This is how I intend to transform, along with you, anger into solutions.<br>Your proposals will, therefore, make it possible to build a new contract for the Nation, to structure the action of the Government and the Parliament, but also the positions of France at the European and international level. I will report back to you directly during the month following the end of the debate.<br><br>Frenchmen and women, I hope that as many of you as possible can take part in this great debate in order to make a valuable contribution to the future of our country.<br><br>With trust,<br><br>Emmanuel MACRON<\/td><\/tr><\/tbody><\/table>\n\n\n\n<p><\/p>\n","protected":false},"excerpt":{"rendered":"<p>Following weeks of protests by the &#8216;Gilets Jaunes&#8217; movement, the French government has launched a &#8216;Great Debate&#8217; meant to deliver solutions to the country&#8217;s most pressing problems. To kick off the debate, President Emmanuel Macron wrote an open letter to the French today. This is an interesting text to study (irrespective of your political opinions [&hellip;]<\/p>\n","protected":false},"author":2,"featured_media":821,"comment_status":"closed","ping_status":"open","sticky":false,"template":"","format":"standard","meta":{"footnotes":""},"categories":[2,3],"tags":[],"class_list":["post-796","post","type-post","status-publish","format-standard","has-post-thumbnail","hentry","category-learning-french","category-teaching-french"],"featured_image_urls":{"full":["https:\/\/www.ilini.com\/blog\/wp-content\/uploads\/2019\/01\/Macrons-letter.png",1200,628,false],"landscape_large":["https:\/\/www.ilini.com\/blog\/wp-content\/uploads\/2019\/01\/Macrons-letter.png",1200,628,false],"portrait_large":["https:\/\/www.ilini.com\/blog\/wp-content\/uploads\/2019\/01\/Macrons-letter.png",1200,628,false],"square_large":["https:\/\/www.ilini.com\/blog\/wp-content\/uploads\/2019\/01\/Macrons-letter.png",1200,628,false],"landscape":["https:\/\/www.ilini.com\/blog\/wp-content\/uploads\/2019\/01\/Macrons-letter.png",600,314,false],"portrait":["https:\/\/www.ilini.com\/blog\/wp-content\/uploads\/2019\/01\/Macrons-letter.png",600,314,false],"square":["https:\/\/www.ilini.com\/blog\/wp-content\/uploads\/2019\/01\/Macrons-letter.png",600,314,false]},"post_excerpt_stackable":"<p>Following weeks of protests by the &#8216;Gilets Jaunes&#8217; movement, the French government has launched a &#8216;Great Debate&#8217; meant to deliver solutions to the country&#8217;s most pressing problems. To kick off the debate, President Emmanuel Macron wrote an open letter to the French today. This is an interesting text to study (irrespective of your political opinions&hellip;<\/p>\n","category_list":"<a href=\"https:\/\/www.ilini.com\/blog\/category\/learning-french\/\" rel=\"category tag\">Learning French<\/a>, <a href=\"https:\/\/www.ilini.com\/blog\/category\/teaching-french\/\" rel=\"category tag\">Teaching French<\/a>","author_info":{"name":"Ilini","url":"https:\/\/www.ilini.com\/blog\/author\/ilini\/"},"comments_num":"0 comments","uagb_featured_image_src":{"full":["https:\/\/www.ilini.com\/blog\/wp-content\/uploads\/2019\/01\/Macrons-letter.png",1200,628,false],"thumbnail":["https:\/\/www.ilini.com\/blog\/wp-content\/uploads\/2019\/01\/Macrons-letter-150x150.png",150,150,true],"medium":["https:\/\/www.ilini.com\/blog\/wp-content\/uploads\/2019\/01\/Macrons-letter-300x157.png",300,157,true],"medium_large":["https:\/\/www.ilini.com\/blog\/wp-content\/uploads\/2019\/01\/Macrons-letter-768x402.png",768,402,true],"large":["https:\/\/www.ilini.com\/blog\/wp-content\/uploads\/2019\/01\/Macrons-letter-1024x536.png",1024,536,true],"1536x1536":["https:\/\/www.ilini.com\/blog\/wp-content\/uploads\/2019\/01\/Macrons-letter.png",1200,628,false],"2048x2048":["https:\/\/www.ilini.com\/blog\/wp-content\/uploads\/2019\/01\/Macrons-letter.png",1200,628,false],"xs-thumb":["https:\/\/www.ilini.com\/blog\/wp-content\/uploads\/2019\/01\/Macrons-letter-64x64.png",64,64,true],"stackable-landscape-large":["https:\/\/www.ilini.com\/blog\/wp-content\/uploads\/2019\/01\/Macrons-letter.png",1200,628,false],"stackable-square-large":["https:\/\/www.ilini.com\/blog\/wp-content\/uploads\/2019\/01\/Macrons-letter.png",1200,628,false],"stackable-portrait-large":["https:\/\/www.ilini.com\/blog\/wp-content\/uploads\/2019\/01\/Macrons-letter.png",1200,628,false],"stackable-landscape":["https:\/\/www.ilini.com\/blog\/wp-content\/uploads\/2019\/01\/Macrons-letter.png",600,314,false],"stackable-portrait":["https:\/\/www.ilini.com\/blog\/wp-content\/uploads\/2019\/01\/Macrons-letter.png",600,314,false],"stackable-square":["https:\/\/www.ilini.com\/blog\/wp-content\/uploads\/2019\/01\/Macrons-letter.png",600,314,false],"post-thumbnail":["https:\/\/www.ilini.com\/blog\/wp-content\/uploads\/2019\/01\/Macrons-letter.png",825,432,false],"profile_24":["https:\/\/www.ilini.com\/blog\/wp-content\/uploads\/2019\/01\/Macrons-letter.png",24,13,false],"profile_48":["https:\/\/www.ilini.com\/blog\/wp-content\/uploads\/2019\/01\/Macrons-letter.png",48,25,false],"profile_96":["https:\/\/www.ilini.com\/blog\/wp-content\/uploads\/2019\/01\/Macrons-letter.png",96,50,false],"profile_150":["https:\/\/www.ilini.com\/blog\/wp-content\/uploads\/2019\/01\/Macrons-letter.png",150,79,false],"profile_300":["https:\/\/www.ilini.com\/blog\/wp-content\/uploads\/2019\/01\/Macrons-letter.png",300,157,false]},"uagb_author_info":{"display_name":"Ilini","author_link":"https:\/\/www.ilini.com\/blog\/author\/ilini\/"},"uagb_comment_info":0,"uagb_excerpt":"Following weeks of protests by the &#8216;Gilets Jaunes&#8217; movement, the French government has launched a &#8216;Great Debate&#8217; meant to deliver solutions to the country&#8217;s most pressing problems. To kick off the debate, President Emmanuel Macron wrote an open letter to the French today. This is an interesting text to study (irrespective of your political opinions&hellip;","_links":{"self":[{"href":"https:\/\/www.ilini.com\/blog\/wp-json\/wp\/v2\/posts\/796","targetHints":{"allow":["GET"]}}],"collection":[{"href":"https:\/\/www.ilini.com\/blog\/wp-json\/wp\/v2\/posts"}],"about":[{"href":"https:\/\/www.ilini.com\/blog\/wp-json\/wp\/v2\/types\/post"}],"author":[{"embeddable":true,"href":"https:\/\/www.ilini.com\/blog\/wp-json\/wp\/v2\/users\/2"}],"replies":[{"embeddable":true,"href":"https:\/\/www.ilini.com\/blog\/wp-json\/wp\/v2\/comments?post=796"}],"version-history":[{"count":33,"href":"https:\/\/www.ilini.com\/blog\/wp-json\/wp\/v2\/posts\/796\/revisions"}],"predecessor-version":[{"id":905,"href":"https:\/\/www.ilini.com\/blog\/wp-json\/wp\/v2\/posts\/796\/revisions\/905"}],"wp:featuredmedia":[{"embeddable":true,"href":"https:\/\/www.ilini.com\/blog\/wp-json\/wp\/v2\/media\/821"}],"wp:attachment":[{"href":"https:\/\/www.ilini.com\/blog\/wp-json\/wp\/v2\/media?parent=796"}],"wp:term":[{"taxonomy":"category","embeddable":true,"href":"https:\/\/www.ilini.com\/blog\/wp-json\/wp\/v2\/categories?post=796"},{"taxonomy":"post_tag","embeddable":true,"href":"https:\/\/www.ilini.com\/blog\/wp-json\/wp\/v2\/tags?post=796"}],"curies":[{"name":"wp","href":"https:\/\/api.w.org\/{rel}","templated":true}]}}