{"id":1193,"date":"2019-09-19T09:32:27","date_gmt":"2019-09-19T09:32:27","guid":{"rendered":"https:\/\/www.ilini.com\/blog\/?p=1193"},"modified":"2019-09-28T09:36:28","modified_gmt":"2019-09-28T09:36:28","slug":"queen-elizabeth-ii-speaks-french","status":"publish","type":"post","link":"https:\/\/www.ilini.com\/blog\/famous-french-speakers\/queen-elizabeth-ii-speaks-french\/","title":{"rendered":"Queen Elizabeth II Speaks French"},"content":{"rendered":"\n<p>After <a href=\"https:\/\/www.ilini.com\/blog\/french\/french-speaker-of-the-week\/bradley-cooper-speaks-french\/\">Bradley Cooper<\/a>, the next celebrity in our <em>French Speaker of the Week <\/em>series is Queen Elizabeth II of the United Kingdom. Yes, Queen Elizabeth II does speak French!<\/p>\n\n\n\n<p>Every week, we are highlighting the French speaking skills of famous people around the world&#8230; for your inspiration and motivation!<\/p>\n\n\n\n<h2 class=\"wp-block-heading\">Hear the Queen&#8217;s French speech<\/h2>\n\n\n\n<p>Here is an excerpt from Queen Elizabeth&#8217;s speech at a French State Banquet in 2014. We have added the palace&#8217;s <a href=\"https:\/\/www.royal.uk\/queens-speech-french-state-banquet-6-june-2014?fbclid=IwAR3MXDFtV4ybP42LUYk-6j3M0Riu_Sx1bcq4RjjACGCPi7xAlXpEnb7e18k\">official translation<\/a> in subtitles as well as a transcript to help you follow along:<\/p>\n\n\n\n<figure class=\"wp-block-embed-facebook wp-block-embed is-type-video is-provider-facebook\"><div class=\"wp-block-embed__wrapper\">\nhttps:\/\/www.facebook.com\/iliniFrench\/videos\/2189249334708523\/?__xts__[0]=68.ARA5t5Pcs1eIi_MNwIFKVAtoI792LDyVTUqAVoWKCfLe_ij4af74MdM26p1z39zKeRpoAVjJuoQaeJ0S9BRzGlyf9fviPfiMtKoEPJfdJSofw0tjy0ERS_J89cD14FYVDwY_y8DBYMJAkzkZ2-zF4F2g2PBhtSMD5czUek0M5tjJYCyqsHL8FzlJ__1px9lsxgfSMxvKjwinZkUguGQhg-XTbuoqsnOucDL0FPdwgOQ6GLBF37jnp2PjGUqN8O-udsCD0mg2cVZWIOiwP4-JymuuwKs-6HG0nD7z2i&#8211;pKONPQdiyfPLkuq_o_ORcTPioQ_4tXWjY04gfLm9polwns0Tr7CejPLUozeSbt4s&#038;__tn__=-R\n<\/div><\/figure>\n\n\n\n<h2 class=\"wp-block-heading\">Transcript<\/h2>\n\n\n\n<blockquote class=\"wp-block-quote is-layout-flow wp-block-quote-is-layout-flow\"><p><em>Je me rappelle le plaisir que j\u2019ai eu \u00e0 d\u00e9couvrir ce beau pays pour la premi\u00e8re fois et \u00e0 cultiver \u00e0 mon tour une grande affection pour le peuple fran\u00e7ais.<\/em><\/p><p><em>O\u00f9 qu\u2019ils soient, lorsqu\u2019ils se rencontrent, nos compatriotes retrouvent toujours ce m\u00e9lange unique d\u2019amiti\u00e9, de rivalit\u00e9 dans la bonne humeur ainsi que l\u2019admiration qui constitue l\u2019essence des liens qui unissent la Grande-Bretagne et la France.<\/em><\/p><\/blockquote>\n\n\n\n<h2 class=\"wp-block-heading\">What do you think of the Queen&#8217;s French skills?<\/h2>\n\n\n\n<p>Queen Elizabeth speaks pretty good French, doesn&#8217;t she? <\/p>\n\n\n\n<p>Sure, she is reading a text. But the Queen is also known for holding pretty fluent French conversations with the French-speaking heads of state she meets. <\/p>\n\n\n\n<p>Besides, don&#8217;t forget that Queen Elizabeth II is also the monarch of 16 Commonwealth countries including Canada, where French is an official language.<\/p>\n\n\n\n<h2 class=\"wp-block-heading\"><strong>Stay tuned for the next <\/strong><em><strong>French Speaker of the Week<\/strong><\/em><strong>! <\/strong><\/h2>\n\n\n\n<p><strong>In the meantime, improve your own French vocabulary and pronunciation with French videos at <\/strong><a href=\"https:\/\/www.ilini.com\"><strong>www.ilini.com<\/strong><\/a><strong>. <\/strong><\/p>\n\n\n\n<p><strong>From French news to entertainment, music and sports, we help you get a grasp of French society, culture and language all at once<\/strong>!<\/p>\n","protected":false},"excerpt":{"rendered":"<p>After Bradley Cooper, the next celebrity in our French Speaker of the Week series is Queen Elizabeth II of the United Kingdom. Yes, Queen Elizabeth II does speak French! Every week, we are highlighting the French speaking skills of famous people around the world&#8230; for your inspiration and motivation! Hear the Queen&#8217;s French speech Here [&hellip;]<\/p>\n","protected":false},"author":2,"featured_media":1196,"comment_status":"closed","ping_status":"open","sticky":false,"template":"","format":"standard","meta":{"footnotes":""},"categories":[10],"tags":[],"class_list":["post-1193","post","type-post","status-publish","format-standard","has-post-thumbnail","hentry","category-famous-french-speakers"],"featured_image_urls":{"full":["https:\/\/www.ilini.com\/blog\/wp-content\/uploads\/2019\/09\/queen-elizabeth-metro-e1569661259166.jpg",963,597,false],"landscape_large":["https:\/\/www.ilini.com\/blog\/wp-content\/uploads\/2019\/09\/queen-elizabeth-metro-e1569661259166.jpg",963,597,false],"portrait_large":["https:\/\/www.ilini.com\/blog\/wp-content\/uploads\/2019\/09\/queen-elizabeth-metro-e1569661259166.jpg",963,597,false],"square_large":["https:\/\/www.ilini.com\/blog\/wp-content\/uploads\/2019\/09\/queen-elizabeth-metro-e1569661259166.jpg",963,597,false],"landscape":["https:\/\/www.ilini.com\/blog\/wp-content\/uploads\/2019\/09\/queen-elizabeth-metro-e1569661259166-600x400.jpg",600,400,true],"portrait":["https:\/\/www.ilini.com\/blog\/wp-content\/uploads\/2019\/09\/queen-elizabeth-metro-e1569661259166-600x597.jpg",600,597,true],"square":["https:\/\/www.ilini.com\/blog\/wp-content\/uploads\/2019\/09\/queen-elizabeth-metro-e1569661259166-600x597.jpg",600,597,true]},"post_excerpt_stackable":"<p>After Bradley Cooper, the next celebrity in our French Speaker of the Week series is Queen Elizabeth II of the United Kingdom. Yes, Queen Elizabeth II does speak French! Every week, we are highlighting the French speaking skills of famous people around the world&#8230; for your inspiration and motivation! Hear the Queen&#8217;s French speech Here&hellip;<\/p>\n","category_list":"<a href=\"https:\/\/www.ilini.com\/blog\/category\/famous-french-speakers\/\" rel=\"category tag\">Famous French Speakers<\/a>","author_info":{"name":"Ilini","url":"https:\/\/www.ilini.com\/blog\/author\/ilini\/"},"comments_num":"0 comments","uagb_featured_image_src":{"full":["https:\/\/www.ilini.com\/blog\/wp-content\/uploads\/2019\/09\/queen-elizabeth-metro-e1569661259166.jpg",963,597,false],"thumbnail":["https:\/\/www.ilini.com\/blog\/wp-content\/uploads\/2019\/09\/queen-elizabeth-metro-e1569661259166-150x150.jpg",150,150,true],"medium":["https:\/\/www.ilini.com\/blog\/wp-content\/uploads\/2019\/09\/queen-elizabeth-metro-e1569661259166-300x186.jpg",300,186,true],"medium_large":["https:\/\/www.ilini.com\/blog\/wp-content\/uploads\/2019\/09\/queen-elizabeth-metro-e1569661259166-768x476.jpg",768,476,true],"large":["https:\/\/www.ilini.com\/blog\/wp-content\/uploads\/2019\/09\/queen-elizabeth-metro-e1569661259166.jpg",963,597,false],"1536x1536":["https:\/\/www.ilini.com\/blog\/wp-content\/uploads\/2019\/09\/queen-elizabeth-metro-e1569661259166.jpg",963,597,false],"2048x2048":["https:\/\/www.ilini.com\/blog\/wp-content\/uploads\/2019\/09\/queen-elizabeth-metro-e1569661259166.jpg",963,597,false],"xs-thumb":["https:\/\/www.ilini.com\/blog\/wp-content\/uploads\/2019\/09\/queen-elizabeth-metro-e1569661259166-64x64.jpg",64,64,true],"stackable-landscape-large":["https:\/\/www.ilini.com\/blog\/wp-content\/uploads\/2019\/09\/queen-elizabeth-metro-e1569661259166.jpg",963,597,false],"stackable-square-large":["https:\/\/www.ilini.com\/blog\/wp-content\/uploads\/2019\/09\/queen-elizabeth-metro-e1569661259166.jpg",963,597,false],"stackable-portrait-large":["https:\/\/www.ilini.com\/blog\/wp-content\/uploads\/2019\/09\/queen-elizabeth-metro-e1569661259166.jpg",963,597,false],"stackable-landscape":["https:\/\/www.ilini.com\/blog\/wp-content\/uploads\/2019\/09\/queen-elizabeth-metro-e1569661259166-600x400.jpg",600,400,true],"stackable-portrait":["https:\/\/www.ilini.com\/blog\/wp-content\/uploads\/2019\/09\/queen-elizabeth-metro-e1569661259166-600x597.jpg",600,597,true],"stackable-square":["https:\/\/www.ilini.com\/blog\/wp-content\/uploads\/2019\/09\/queen-elizabeth-metro-e1569661259166-600x597.jpg",600,597,true],"post-thumbnail":["https:\/\/www.ilini.com\/blog\/wp-content\/uploads\/2019\/09\/queen-elizabeth-metro-e1569661259166.jpg",823,510,false],"profile_24":["https:\/\/www.ilini.com\/blog\/wp-content\/uploads\/2019\/09\/queen-elizabeth-metro-e1569661259166.jpg",24,15,false],"profile_48":["https:\/\/www.ilini.com\/blog\/wp-content\/uploads\/2019\/09\/queen-elizabeth-metro-e1569661259166.jpg",48,30,false],"profile_96":["https:\/\/www.ilini.com\/blog\/wp-content\/uploads\/2019\/09\/queen-elizabeth-metro-e1569661259166.jpg",96,60,false],"profile_150":["https:\/\/www.ilini.com\/blog\/wp-content\/uploads\/2019\/09\/queen-elizabeth-metro-e1569661259166.jpg",150,93,false],"profile_300":["https:\/\/www.ilini.com\/blog\/wp-content\/uploads\/2019\/09\/queen-elizabeth-metro-e1569661259166.jpg",300,186,false]},"uagb_author_info":{"display_name":"Ilini","author_link":"https:\/\/www.ilini.com\/blog\/author\/ilini\/"},"uagb_comment_info":0,"uagb_excerpt":"After Bradley Cooper, the next celebrity in our French Speaker of the Week series is Queen Elizabeth II of the United Kingdom. Yes, Queen Elizabeth II does speak French! Every week, we are highlighting the French speaking skills of famous people around the world&#8230; for your inspiration and motivation! Hear the Queen&#8217;s French speech Here&hellip;","_links":{"self":[{"href":"https:\/\/www.ilini.com\/blog\/wp-json\/wp\/v2\/posts\/1193","targetHints":{"allow":["GET"]}}],"collection":[{"href":"https:\/\/www.ilini.com\/blog\/wp-json\/wp\/v2\/posts"}],"about":[{"href":"https:\/\/www.ilini.com\/blog\/wp-json\/wp\/v2\/types\/post"}],"author":[{"embeddable":true,"href":"https:\/\/www.ilini.com\/blog\/wp-json\/wp\/v2\/users\/2"}],"replies":[{"embeddable":true,"href":"https:\/\/www.ilini.com\/blog\/wp-json\/wp\/v2\/comments?post=1193"}],"version-history":[{"count":11,"href":"https:\/\/www.ilini.com\/blog\/wp-json\/wp\/v2\/posts\/1193\/revisions"}],"predecessor-version":[{"id":1206,"href":"https:\/\/www.ilini.com\/blog\/wp-json\/wp\/v2\/posts\/1193\/revisions\/1206"}],"wp:featuredmedia":[{"embeddable":true,"href":"https:\/\/www.ilini.com\/blog\/wp-json\/wp\/v2\/media\/1196"}],"wp:attachment":[{"href":"https:\/\/www.ilini.com\/blog\/wp-json\/wp\/v2\/media?parent=1193"}],"wp:term":[{"taxonomy":"category","embeddable":true,"href":"https:\/\/www.ilini.com\/blog\/wp-json\/wp\/v2\/categories?post=1193"},{"taxonomy":"post_tag","embeddable":true,"href":"https:\/\/www.ilini.com\/blog\/wp-json\/wp\/v2\/tags?post=1193"}],"curies":[{"name":"wp","href":"https:\/\/api.w.org\/{rel}","templated":true}]}}